{"id":1879,"date":"2024-12-07T16:45:49","date_gmt":"2024-12-07T16:45:49","guid":{"rendered":"https:\/\/boombasticclub.com\/?p=1879"},"modified":"2024-11-23T16:46:55","modified_gmt":"2024-11-23T16:46:55","slug":"vecinos-de-la-calle-torreiro-de-a-coruna-denuncian-el-incumplimiento-de-las-ordenanzas-de-ruido","status":"publish","type":"post","link":"https:\/\/boombasticclub.com\/?p=1879","title":{"rendered":"Vecinos de la calle Torreiro de A Coru\u00f1a denuncian &#8220;el incumplimiento de las ordenanzas de ruido&#8221;"},"content":{"rendered":"\n<p>Locales de la calle Torreiro de A Coru\u00f1a anunciaban esta semana su esperado Carnaval de Verano previsto para el pr\u00f3ximo 14 de septiembre. AeroClub, La Intrusa, Bristol y La Campana se aliaban para dar pie a esta gran fiesta que ya se ha convertido en una tradici\u00f3n de la ciudad herculina. La noticia era muy bien recibida por los coru\u00f1eses en redes sociales, hasta que lleg\u00f3 a o\u00eddos de los vecinos.<\/p>\n\n\n\n<p>En los \u00faltimos a\u00f1os, esta v\u00eda que une San Andr\u00e9s con la calle Galera pas\u00f3 a formar parte del epicentro del ocio nocturno herculino. Y como ocurre en todas las zonas en las que hay ambiente de fiesta,<strong>\u00a0el ruido puede llegar a ser un inconveniente\u00a0<\/strong>para aquellas personas que residen en los edificios y viviendas colindantes.\u00a0<\/p>\n\n\n\n<p id=\"paragraph_1\">Locales de la calle Torreiro de A Coru\u00f1a anunciaban esta semana su esperado C<a href=\"https:\/\/www.elespanol.com\/quincemil\/vivir\/20240828\/locales-calle-torreiro-alian-celebrar-carnaval-verano-coruna\/881662047_0.html\">arnaval de Verano previsto para el pr\u00f3ximo 14 de septiembre<\/a>.&nbsp;<strong>AeroClub, La Intrusa, Bristol y La Campana&nbsp;<\/strong>se aliaban para dar pie a esta gran fiesta que ya se ha convertido en una tradici\u00f3n de la ciudad herculina. La noticia era muy bien recibida por los coru\u00f1eses en redes sociales, hasta que lleg\u00f3 a o\u00eddos de los vecinos.<\/p>\n\n\n\n<p id=\"paragraph_2\">En los \u00faltimos a\u00f1os, esta v\u00eda que une San Andr\u00e9s con la calle Galera pas\u00f3 a formar parte del epicentro del ocio nocturno herculino. Y como ocurre en todas las zonas en las que hay ambiente de fiesta,<strong>&nbsp;el ruido puede llegar a ser un inconveniente&nbsp;<\/strong>para aquellas personas que residen en los edificios y viviendas colindantes.&nbsp;<\/p>\n\n\n\n<p id=\"paragraph_3\">Desde hace meses,&nbsp;<strong>vecinos de la calle Torreiro se han unido para denunciar<\/strong>&nbsp;&#8220;el incumplimiento de las ordenanzas de ruido por parte de los locales y usuarios de la hosteler\u00eda de ocio nocturno&#8221;. Con ello, indican que la m\u00fasica les impide conciliar el sue\u00f1o, al &#8220;incumplir los horarios&#8221; que figuran en la normativa municipal.&nbsp;<\/p>\n\n\n\n<p id=\"paragraph_4\">&#8220;Los locales de nuestra calle\u00a0<strong>incumplen la prohibici\u00f3n de emitir m\u00fasica hacia la calle<\/strong>\u00a0y no operan de acuerdo con sus respectivas licencias de actividad, que s\u00f3lo les permitir\u00eda &#8216;m\u00fasica ambiental&#8217; en el interior&#8221; indican en un comunicado. Sin embargo,\u00a0<strong>Aitor Neira,<\/strong>\u00a0<strong>copropietario de La Intrusa<\/strong>\u00a0y uno de los promotores del evento, responde con un mensaje tranquilizador en el que les asegura que cortar\u00e1n la m\u00fasica antes de las 00:30 de la noche, como ya hac\u00edan de costumbre cuando hac\u00edan este tipo de eventos.<\/p>\n\n\n\n<p id=\"paragraph_5\">&#8220;Los entiendo perfectamente y respeto lo que dicen, pero nosotros tambi\u00e9n tenemos que vender para comer&#8221;, indica el hostelero. Habla en nombre de su local, la Intrusa, que tiene licencia hasta las 3:00 horas de la madrugada. &#8220;Nosotros somos j\u00f3venes y cuando empezamos con esto no ten\u00edamos ni idea de nada, pero nada m\u00e1s coger el local&nbsp;<strong>lo insonorizamos para molestar lo menos posible<\/strong>&nbsp;y evitar problemas&#8221;, explica.<\/p>\n\n\n\n<p id=\"paragraph_6\">Pero lo del ruido no es el \u00fanico problema, &#8220;por otro lado, el estado de la calle es lamentable en cuanto a suciedad y olores&#8221;, a\u00f1aden los residentes y propietarios de locales de la zona. Los eventos celebrados en la calle como ya hicieron con el &#8220;orgullo de Torreiro&#8221; animan a la gente a salir a la calle a bailar, con lo que eso conlleva. Al d\u00eda siguiente los vecinos&nbsp;<strong>no pueden evitar encontrarse con restos de basura de la noche anterior<\/strong>&nbsp;a pocos metros de sus portales.<\/p>\n\n\n\n<p id=\"paragraph_7\">&#8220;Lo que estamos estudiando los vecinos es emprender acciones no contra los locales, sino c<strong>ontra el Ayuntamiento<\/strong>, que tiene la responsabilidad del cumplimiento de las ordenanzas (contra el ruido, y horarios)&#8221;, aclaran. Al fin y al cabo, lo que suceda en la calle, no es responsabilidad de los empresarios.&nbsp;<\/p>\n\n\n\n<p id=\"paragraph_8\">Y es que,&nbsp;<strong>en el caso de la Intrusa han contratado a personal de seguridad<\/strong>&nbsp;para evitar que la gente salga con vasos de cristal a la calle o para que genere m\u00e1s ruido de lo normal.&nbsp;<\/p>\n\n\n\n<p id=\"paragraph_9\">Algo, que no consideran suficiente los residentes de la zona: &#8220;<strong>Solicitamos que se tomen medidas urgentes para impedir que dicho evento perturbe el descanso de los vecinos<\/strong>, y&nbsp;solicitamos tambi\u00e9n que se tomen medidas (controles policiales, c\u00e1maras, etc.) para asegurar durante todo el a\u00f1o el cumplimiento de la ordenanza y legislaci\u00f3n de ruido en nuestra calle&#8221;.&nbsp;<\/p>\n","protected":false},"excerpt":{"rendered":"<p>Locales de la calle Torreiro de A Coru\u00f1a anunciaban esta semana su esperado Carnaval de Verano previsto para&#8230;<\/p>\n","protected":false},"author":1,"featured_media":1880,"comment_status":"open","ping_status":"open","sticky":false,"template":"","format":"standard","meta":{"_kadence_starter_templates_imported_post":false,"_kad_post_transparent":"","_kad_post_title":"","_kad_post_layout":"","_kad_post_sidebar_id":"","_kad_post_content_style":"","_kad_post_vertical_padding":"","_kad_post_feature":"","_kad_post_feature_position":"","_kad_post_header":false,"_kad_post_footer":false,"footnotes":""},"categories":[1],"tags":[],"class_list":["post-1879","post","type-post","status-publish","format-standard","has-post-thumbnail","hentry","category-uncategorized"],"yoast_head":"<!-- This site is optimized with the Yoast SEO plugin v27.5 - https:\/\/yoast.com\/product\/yoast-seo-wordpress\/ -->\n<title>Vecinos de la calle Torreiro de A Coru\u00f1a denuncian &quot;el incumplimiento de las ordenanzas de ruido&quot; - Boombastic club<\/title>\n<meta name=\"robots\" content=\"index, follow, max-snippet:-1, max-image-preview:large, max-video-preview:-1\" \/>\n<link rel=\"canonical\" href=\"https:\/\/boombasticclub.com\/?p=1879\" \/>\n<meta property=\"og:locale\" content=\"en_US\" \/>\n<meta property=\"og:type\" content=\"article\" \/>\n<meta property=\"og:title\" content=\"Vecinos de la calle Torreiro de A Coru\u00f1a denuncian &quot;el incumplimiento de las ordenanzas de ruido&quot; - Boombastic club\" \/>\n<meta property=\"og:description\" content=\"Locales de la calle Torreiro de A Coru\u00f1a anunciaban esta semana su esperado Carnaval de Verano previsto para...\" \/>\n<meta property=\"og:url\" content=\"https:\/\/boombasticclub.com\/?p=1879\" \/>\n<meta property=\"og:site_name\" content=\"Boombastic club\" \/>\n<meta property=\"article:published_time\" content=\"2024-12-07T16:45:49+00:00\" \/>\n<meta property=\"og:image\" content=\"https:\/\/boombasticclub.com\/wp-content\/uploads\/2024\/11\/conoce_coruna_425470179_245604715_1706x960-1.webp\" \/>\n\t<meta property=\"og:image:width\" content=\"1706\" \/>\n\t<meta property=\"og:image:height\" content=\"960\" \/>\n\t<meta property=\"og:image:type\" content=\"image\/webp\" \/>\n<meta name=\"author\" content=\"jorgeyoubcn\" \/>\n<meta name=\"twitter:card\" content=\"summary_large_image\" \/>\n<meta name=\"twitter:label1\" content=\"Written by\" \/>\n\t<meta name=\"twitter:data1\" content=\"jorgeyoubcn\" \/>\n\t<meta name=\"twitter:label2\" content=\"Est. reading time\" \/>\n\t<meta name=\"twitter:data2\" content=\"4 minutes\" \/>\n<script type=\"application\/ld+json\" class=\"yoast-schema-graph\">{\"@context\":\"https:\\\/\\\/schema.org\",\"@graph\":[{\"@type\":\"Article\",\"@id\":\"https:\\\/\\\/boombasticclub.com\\\/?p=1879#article\",\"isPartOf\":{\"@id\":\"https:\\\/\\\/boombasticclub.com\\\/?p=1879\"},\"author\":{\"name\":\"jorgeyoubcn\",\"@id\":\"https:\\\/\\\/boombasticclub.com\\\/#\\\/schema\\\/person\\\/351bd8d8a515d58d697b416aab13ea0b\"},\"headline\":\"Vecinos de la calle Torreiro de A Coru\u00f1a denuncian &#8220;el incumplimiento de las ordenanzas de ruido&#8221;\",\"datePublished\":\"2024-12-07T16:45:49+00:00\",\"mainEntityOfPage\":{\"@id\":\"https:\\\/\\\/boombasticclub.com\\\/?p=1879\"},\"wordCount\":763,\"commentCount\":0,\"publisher\":{\"@id\":\"https:\\\/\\\/boombasticclub.com\\\/#organization\"},\"image\":{\"@id\":\"https:\\\/\\\/boombasticclub.com\\\/?p=1879#primaryimage\"},\"thumbnailUrl\":\"https:\\\/\\\/boombasticclub.com\\\/wp-content\\\/uploads\\\/2024\\\/11\\\/conoce_coruna_425470179_245604715_1706x960-1.webp\",\"inLanguage\":\"en-US\",\"potentialAction\":[{\"@type\":\"CommentAction\",\"name\":\"Comment\",\"target\":[\"https:\\\/\\\/boombasticclub.com\\\/?p=1879#respond\"]}]},{\"@type\":\"WebPage\",\"@id\":\"https:\\\/\\\/boombasticclub.com\\\/?p=1879\",\"url\":\"https:\\\/\\\/boombasticclub.com\\\/?p=1879\",\"name\":\"Vecinos de la calle Torreiro de A Coru\u00f1a denuncian \\\"el incumplimiento de las ordenanzas de ruido\\\" - Boombastic club\",\"isPartOf\":{\"@id\":\"https:\\\/\\\/boombasticclub.com\\\/#website\"},\"primaryImageOfPage\":{\"@id\":\"https:\\\/\\\/boombasticclub.com\\\/?p=1879#primaryimage\"},\"image\":{\"@id\":\"https:\\\/\\\/boombasticclub.com\\\/?p=1879#primaryimage\"},\"thumbnailUrl\":\"https:\\\/\\\/boombasticclub.com\\\/wp-content\\\/uploads\\\/2024\\\/11\\\/conoce_coruna_425470179_245604715_1706x960-1.webp\",\"datePublished\":\"2024-12-07T16:45:49+00:00\",\"breadcrumb\":{\"@id\":\"https:\\\/\\\/boombasticclub.com\\\/?p=1879#breadcrumb\"},\"inLanguage\":\"en-US\",\"potentialAction\":[{\"@type\":\"ReadAction\",\"target\":[\"https:\\\/\\\/boombasticclub.com\\\/?p=1879\"]}]},{\"@type\":\"ImageObject\",\"inLanguage\":\"en-US\",\"@id\":\"https:\\\/\\\/boombasticclub.com\\\/?p=1879#primaryimage\",\"url\":\"https:\\\/\\\/boombasticclub.com\\\/wp-content\\\/uploads\\\/2024\\\/11\\\/conoce_coruna_425470179_245604715_1706x960-1.webp\",\"contentUrl\":\"https:\\\/\\\/boombasticclub.com\\\/wp-content\\\/uploads\\\/2024\\\/11\\\/conoce_coruna_425470179_245604715_1706x960-1.webp\",\"width\":1706,\"height\":960},{\"@type\":\"BreadcrumbList\",\"@id\":\"https:\\\/\\\/boombasticclub.com\\\/?p=1879#breadcrumb\",\"itemListElement\":[{\"@type\":\"ListItem\",\"position\":1,\"name\":\"Home\",\"item\":\"https:\\\/\\\/boombasticclub.com\\\/\"},{\"@type\":\"ListItem\",\"position\":2,\"name\":\"Vecinos de la calle Torreiro de A Coru\u00f1a denuncian &#8220;el incumplimiento de las ordenanzas de ruido&#8221;\"}]},{\"@type\":\"WebSite\",\"@id\":\"https:\\\/\\\/boombasticclub.com\\\/#website\",\"url\":\"https:\\\/\\\/boombasticclub.com\\\/\",\"name\":\"Boombastic club\",\"description\":\"Just another WordPress site\",\"publisher\":{\"@id\":\"https:\\\/\\\/boombasticclub.com\\\/#organization\"},\"potentialAction\":[{\"@type\":\"SearchAction\",\"target\":{\"@type\":\"EntryPoint\",\"urlTemplate\":\"https:\\\/\\\/boombasticclub.com\\\/?s={search_term_string}\"},\"query-input\":{\"@type\":\"PropertyValueSpecification\",\"valueRequired\":true,\"valueName\":\"search_term_string\"}}],\"inLanguage\":\"en-US\"},{\"@type\":\"Organization\",\"@id\":\"https:\\\/\\\/boombasticclub.com\\\/#organization\",\"name\":\"Boombastic club\",\"url\":\"https:\\\/\\\/boombasticclub.com\\\/\",\"logo\":{\"@type\":\"ImageObject\",\"inLanguage\":\"en-US\",\"@id\":\"https:\\\/\\\/boombasticclub.com\\\/#\\\/schema\\\/logo\\\/image\\\/\",\"url\":\"https:\\\/\\\/boombasticclub.com\\\/wp-content\\\/uploads\\\/2022\\\/03\\\/cropped-descarga-1.png\",\"contentUrl\":\"https:\\\/\\\/boombasticclub.com\\\/wp-content\\\/uploads\\\/2022\\\/03\\\/cropped-descarga-1.png\",\"width\":225,\"height\":118,\"caption\":\"Boombastic club\"},\"image\":{\"@id\":\"https:\\\/\\\/boombasticclub.com\\\/#\\\/schema\\\/logo\\\/image\\\/\"}},{\"@type\":\"Person\",\"@id\":\"https:\\\/\\\/boombasticclub.com\\\/#\\\/schema\\\/person\\\/351bd8d8a515d58d697b416aab13ea0b\",\"name\":\"jorgeyoubcn\",\"image\":{\"@type\":\"ImageObject\",\"inLanguage\":\"en-US\",\"@id\":\"https:\\\/\\\/secure.gravatar.com\\\/avatar\\\/6f1232114f5ec0e22271c435a322f42040fe237b65a8efcc48a9b9fb9812da62?s=96&d=mm&r=g\",\"url\":\"https:\\\/\\\/secure.gravatar.com\\\/avatar\\\/6f1232114f5ec0e22271c435a322f42040fe237b65a8efcc48a9b9fb9812da62?s=96&d=mm&r=g\",\"contentUrl\":\"https:\\\/\\\/secure.gravatar.com\\\/avatar\\\/6f1232114f5ec0e22271c435a322f42040fe237b65a8efcc48a9b9fb9812da62?s=96&d=mm&r=g\",\"caption\":\"jorgeyoubcn\"},\"sameAs\":[\"http:\\\/\\\/boombasticclub.com\"],\"url\":\"https:\\\/\\\/boombasticclub.com\\\/?author=1\"}]}<\/script>\n<!-- \/ Yoast SEO plugin. -->","yoast_head_json":{"title":"Vecinos de la calle Torreiro de A Coru\u00f1a denuncian \"el incumplimiento de las ordenanzas de ruido\" - Boombastic club","robots":{"index":"index","follow":"follow","max-snippet":"max-snippet:-1","max-image-preview":"max-image-preview:large","max-video-preview":"max-video-preview:-1"},"canonical":"https:\/\/boombasticclub.com\/?p=1879","og_locale":"en_US","og_type":"article","og_title":"Vecinos de la calle Torreiro de A Coru\u00f1a denuncian \"el incumplimiento de las ordenanzas de ruido\" - Boombastic club","og_description":"Locales de la calle Torreiro de A Coru\u00f1a anunciaban esta semana su esperado Carnaval de Verano previsto para...","og_url":"https:\/\/boombasticclub.com\/?p=1879","og_site_name":"Boombastic club","article_published_time":"2024-12-07T16:45:49+00:00","og_image":[{"width":1706,"height":960,"url":"https:\/\/boombasticclub.com\/wp-content\/uploads\/2024\/11\/conoce_coruna_425470179_245604715_1706x960-1.webp","type":"image\/webp"}],"author":"jorgeyoubcn","twitter_card":"summary_large_image","twitter_misc":{"Written by":"jorgeyoubcn","Est. reading time":"4 minutes"},"schema":{"@context":"https:\/\/schema.org","@graph":[{"@type":"Article","@id":"https:\/\/boombasticclub.com\/?p=1879#article","isPartOf":{"@id":"https:\/\/boombasticclub.com\/?p=1879"},"author":{"name":"jorgeyoubcn","@id":"https:\/\/boombasticclub.com\/#\/schema\/person\/351bd8d8a515d58d697b416aab13ea0b"},"headline":"Vecinos de la calle Torreiro de A Coru\u00f1a denuncian &#8220;el incumplimiento de las ordenanzas de ruido&#8221;","datePublished":"2024-12-07T16:45:49+00:00","mainEntityOfPage":{"@id":"https:\/\/boombasticclub.com\/?p=1879"},"wordCount":763,"commentCount":0,"publisher":{"@id":"https:\/\/boombasticclub.com\/#organization"},"image":{"@id":"https:\/\/boombasticclub.com\/?p=1879#primaryimage"},"thumbnailUrl":"https:\/\/boombasticclub.com\/wp-content\/uploads\/2024\/11\/conoce_coruna_425470179_245604715_1706x960-1.webp","inLanguage":"en-US","potentialAction":[{"@type":"CommentAction","name":"Comment","target":["https:\/\/boombasticclub.com\/?p=1879#respond"]}]},{"@type":"WebPage","@id":"https:\/\/boombasticclub.com\/?p=1879","url":"https:\/\/boombasticclub.com\/?p=1879","name":"Vecinos de la calle Torreiro de A Coru\u00f1a denuncian \"el incumplimiento de las ordenanzas de ruido\" - Boombastic club","isPartOf":{"@id":"https:\/\/boombasticclub.com\/#website"},"primaryImageOfPage":{"@id":"https:\/\/boombasticclub.com\/?p=1879#primaryimage"},"image":{"@id":"https:\/\/boombasticclub.com\/?p=1879#primaryimage"},"thumbnailUrl":"https:\/\/boombasticclub.com\/wp-content\/uploads\/2024\/11\/conoce_coruna_425470179_245604715_1706x960-1.webp","datePublished":"2024-12-07T16:45:49+00:00","breadcrumb":{"@id":"https:\/\/boombasticclub.com\/?p=1879#breadcrumb"},"inLanguage":"en-US","potentialAction":[{"@type":"ReadAction","target":["https:\/\/boombasticclub.com\/?p=1879"]}]},{"@type":"ImageObject","inLanguage":"en-US","@id":"https:\/\/boombasticclub.com\/?p=1879#primaryimage","url":"https:\/\/boombasticclub.com\/wp-content\/uploads\/2024\/11\/conoce_coruna_425470179_245604715_1706x960-1.webp","contentUrl":"https:\/\/boombasticclub.com\/wp-content\/uploads\/2024\/11\/conoce_coruna_425470179_245604715_1706x960-1.webp","width":1706,"height":960},{"@type":"BreadcrumbList","@id":"https:\/\/boombasticclub.com\/?p=1879#breadcrumb","itemListElement":[{"@type":"ListItem","position":1,"name":"Home","item":"https:\/\/boombasticclub.com\/"},{"@type":"ListItem","position":2,"name":"Vecinos de la calle Torreiro de A Coru\u00f1a denuncian &#8220;el incumplimiento de las ordenanzas de ruido&#8221;"}]},{"@type":"WebSite","@id":"https:\/\/boombasticclub.com\/#website","url":"https:\/\/boombasticclub.com\/","name":"Boombastic club","description":"Just another WordPress site","publisher":{"@id":"https:\/\/boombasticclub.com\/#organization"},"potentialAction":[{"@type":"SearchAction","target":{"@type":"EntryPoint","urlTemplate":"https:\/\/boombasticclub.com\/?s={search_term_string}"},"query-input":{"@type":"PropertyValueSpecification","valueRequired":true,"valueName":"search_term_string"}}],"inLanguage":"en-US"},{"@type":"Organization","@id":"https:\/\/boombasticclub.com\/#organization","name":"Boombastic club","url":"https:\/\/boombasticclub.com\/","logo":{"@type":"ImageObject","inLanguage":"en-US","@id":"https:\/\/boombasticclub.com\/#\/schema\/logo\/image\/","url":"https:\/\/boombasticclub.com\/wp-content\/uploads\/2022\/03\/cropped-descarga-1.png","contentUrl":"https:\/\/boombasticclub.com\/wp-content\/uploads\/2022\/03\/cropped-descarga-1.png","width":225,"height":118,"caption":"Boombastic club"},"image":{"@id":"https:\/\/boombasticclub.com\/#\/schema\/logo\/image\/"}},{"@type":"Person","@id":"https:\/\/boombasticclub.com\/#\/schema\/person\/351bd8d8a515d58d697b416aab13ea0b","name":"jorgeyoubcn","image":{"@type":"ImageObject","inLanguage":"en-US","@id":"https:\/\/secure.gravatar.com\/avatar\/6f1232114f5ec0e22271c435a322f42040fe237b65a8efcc48a9b9fb9812da62?s=96&d=mm&r=g","url":"https:\/\/secure.gravatar.com\/avatar\/6f1232114f5ec0e22271c435a322f42040fe237b65a8efcc48a9b9fb9812da62?s=96&d=mm&r=g","contentUrl":"https:\/\/secure.gravatar.com\/avatar\/6f1232114f5ec0e22271c435a322f42040fe237b65a8efcc48a9b9fb9812da62?s=96&d=mm&r=g","caption":"jorgeyoubcn"},"sameAs":["http:\/\/boombasticclub.com"],"url":"https:\/\/boombasticclub.com\/?author=1"}]}},"_links":{"self":[{"href":"https:\/\/boombasticclub.com\/index.php?rest_route=\/wp\/v2\/posts\/1879","targetHints":{"allow":["GET"]}}],"collection":[{"href":"https:\/\/boombasticclub.com\/index.php?rest_route=\/wp\/v2\/posts"}],"about":[{"href":"https:\/\/boombasticclub.com\/index.php?rest_route=\/wp\/v2\/types\/post"}],"author":[{"embeddable":true,"href":"https:\/\/boombasticclub.com\/index.php?rest_route=\/wp\/v2\/users\/1"}],"replies":[{"embeddable":true,"href":"https:\/\/boombasticclub.com\/index.php?rest_route=%2Fwp%2Fv2%2Fcomments&post=1879"}],"version-history":[{"count":1,"href":"https:\/\/boombasticclub.com\/index.php?rest_route=\/wp\/v2\/posts\/1879\/revisions"}],"predecessor-version":[{"id":1881,"href":"https:\/\/boombasticclub.com\/index.php?rest_route=\/wp\/v2\/posts\/1879\/revisions\/1881"}],"wp:featuredmedia":[{"embeddable":true,"href":"https:\/\/boombasticclub.com\/index.php?rest_route=\/wp\/v2\/media\/1880"}],"wp:attachment":[{"href":"https:\/\/boombasticclub.com\/index.php?rest_route=%2Fwp%2Fv2%2Fmedia&parent=1879"}],"wp:term":[{"taxonomy":"category","embeddable":true,"href":"https:\/\/boombasticclub.com\/index.php?rest_route=%2Fwp%2Fv2%2Fcategories&post=1879"},{"taxonomy":"post_tag","embeddable":true,"href":"https:\/\/boombasticclub.com\/index.php?rest_route=%2Fwp%2Fv2%2Ftags&post=1879"}],"curies":[{"name":"wp","href":"https:\/\/api.w.org\/{rel}","templated":true}]}}